{"id":589,"date":"2017-05-10T09:47:04","date_gmt":"2017-05-10T09:47:04","guid":{"rendered":"http:\/\/lvgn.herbesfolles.org\/?p=589"},"modified":"2017-05-10T11:51:19","modified_gmt":"2017-05-10T11:51:19","slug":"las-vegan-fete-les-5-ans-du-centre-culturel-autogere-nanceien","status":"publish","type":"post","link":"https:\/\/lvgn.herbesfolles.org\/?p=589","title":{"rendered":"Las vegan f\u00eate les 5 ans du Centre Culturel Autog\u00e9r\u00e9 Nanc\u00e9ien"},"content":{"rendered":"<p>Le week end du 6, 7 et 8 mai le CCAN c\u00e9l\u00e9brait ses 5 ann\u00e9es d&rsquo;activit\u00e9s et de luttes et c&rsquo;est avec grand plaisir qu&rsquo;on a apport\u00e9 notre contribution \u00e0 cet anniversaire gr\u00e2ce \u00e0 quelques petits plats .<\/p>\n<p>Merci au ccan pour l&rsquo;invit&rsquo;, merci aux gens venus participer \u00e0 ce we, merci \u00e0 la cnt TDS 31 pour la super discussion de samedi soir &#8230; Et longue vie au CCAN !<\/p>\n<p>Quelques images de nos r\u00e9alisations du week end !<\/p>\n<p><img loading=\"lazy\" class=\"aligncenter size-large wp-image-592\" src=\"http:\/\/lvgn.herbesfolles.org\/wp-content\/uploads\/20170507_172240-1024x768.jpg\" alt=\"\" width=\"480\" height=\"360\" srcset=\"https:\/\/lvgn.herbesfolles.org\/wp-content\/uploads\/20170507_172240-1024x768.jpg 1024w, https:\/\/lvgn.herbesfolles.org\/wp-content\/uploads\/20170507_172240-300x225.jpg 300w, https:\/\/lvgn.herbesfolles.org\/wp-content\/uploads\/20170507_172240-768x576.jpg 768w\" sizes=\"(max-width: 480px) 100vw, 480px\" \/><\/p>\n<p>petit voyage en Tunisie avec des Mtabga<\/p>\n<p><img loading=\"lazy\" class=\"aligncenter size-large wp-image-601\" src=\"http:\/\/lvgn.herbesfolles.org\/wp-content\/uploads\/20170507_145828-1024x768.jpg\" alt=\"\" width=\"480\" height=\"360\" srcset=\"https:\/\/lvgn.herbesfolles.org\/wp-content\/uploads\/20170507_145828-1024x768.jpg 1024w, https:\/\/lvgn.herbesfolles.org\/wp-content\/uploads\/20170507_145828-300x225.jpg 300w, https:\/\/lvgn.herbesfolles.org\/wp-content\/uploads\/20170507_145828-768x576.jpg 768w\" sizes=\"(max-width: 480px) 100vw, 480px\" \/><\/p>\n<p>des galettes de pois cass\u00e9s<\/p>\n<p><img loading=\"lazy\" class=\"aligncenter size-large wp-image-593\" src=\"http:\/\/lvgn.herbesfolles.org\/wp-content\/uploads\/20170507_172845-1024x768.jpg\" alt=\"\" width=\"480\" height=\"360\" srcset=\"https:\/\/lvgn.herbesfolles.org\/wp-content\/uploads\/20170507_172845-1024x768.jpg 1024w, https:\/\/lvgn.herbesfolles.org\/wp-content\/uploads\/20170507_172845-300x225.jpg 300w, https:\/\/lvgn.herbesfolles.org\/wp-content\/uploads\/20170507_172845-768x576.jpg 768w\" sizes=\"(max-width: 480px) 100vw, 480px\" \/><\/p>\n<p>Bavarois vanille\/coco (manque juste le chocolat fondu par dessus \ud83d\ude09<\/p>\n<p><img loading=\"lazy\" class=\"aligncenter size-large wp-image-594\" src=\"http:\/\/lvgn.herbesfolles.org\/wp-content\/uploads\/20170508_163223-1024x768.jpg\" alt=\"\" width=\"480\" height=\"360\" srcset=\"https:\/\/lvgn.herbesfolles.org\/wp-content\/uploads\/20170508_163223-1024x768.jpg 1024w, https:\/\/lvgn.herbesfolles.org\/wp-content\/uploads\/20170508_163223-300x225.jpg 300w, https:\/\/lvgn.herbesfolles.org\/wp-content\/uploads\/20170508_163223-768x576.jpg 768w\" sizes=\"(max-width: 480px) 100vw, 480px\" \/><\/p>\n<p>\u00e9bauche d&rsquo;une des 13 pizzas r\u00e9alis\u00e9es lundi<\/p>\n<p><img loading=\"lazy\" class=\"aligncenter size-large wp-image-595\" src=\"http:\/\/lvgn.herbesfolles.org\/wp-content\/uploads\/SAM_3200-1024x576.jpg\" alt=\"\" width=\"480\" height=\"270\" srcset=\"https:\/\/lvgn.herbesfolles.org\/wp-content\/uploads\/SAM_3200-1024x576.jpg 1024w, https:\/\/lvgn.herbesfolles.org\/wp-content\/uploads\/SAM_3200-300x169.jpg 300w, https:\/\/lvgn.herbesfolles.org\/wp-content\/uploads\/SAM_3200-768x432.jpg 768w, https:\/\/lvgn.herbesfolles.org\/wp-content\/uploads\/SAM_3200.jpg 1920w\" sizes=\"(max-width: 480px) 100vw, 480px\" \/><\/p>\n<p>pizza ricotta vegan maison et tartines de fromage type boursin vegan<\/p>\n<p><img loading=\"lazy\" class=\"aligncenter size-large wp-image-596\" src=\"http:\/\/lvgn.herbesfolles.org\/wp-content\/uploads\/20170508_173522-1024x768.jpg\" alt=\"\" width=\"480\" height=\"360\" srcset=\"https:\/\/lvgn.herbesfolles.org\/wp-content\/uploads\/20170508_173522-1024x768.jpg 1024w, https:\/\/lvgn.herbesfolles.org\/wp-content\/uploads\/20170508_173522-300x225.jpg 300w, https:\/\/lvgn.herbesfolles.org\/wp-content\/uploads\/20170508_173522-768x576.jpg 768w\" sizes=\"(max-width: 480px) 100vw, 480px\" \/><\/p>\n<p>Le Tiramisu des 5 ans \ud83d\ude09<\/p>\n<p>Il manque des photos mais nous avons \u00e9galement r\u00e9alis\u00e9 des gaspacho, velout\u00e9 de pois cass\u00e9s, prot\u00e9ines de soja laqu\u00e9es, des sauces blanche, \u00e0 la moutarde, aux fruits rouges pour accompagner les galettes et b\u00e2tonnets de petits l\u00e9gumes&#8230;<\/p>\n<p>&#8212;&#8212;&#8212;&#8212;&#8212;&#8212;&#8212;&#8212;&#8212;&#8212;&#8212;&#8212;&#8212;&#8212;&#8212;&#8212;&#8212;&#8212;&#8212;&#8212;&#8212;&#8212;&#8212;&#8212;&#8212;&#8212;&#8212;&#8212;&#8212;&#8212;&#8212;&#8212;&#8212;&#8212;&#8212;&#8212;&#8212;&#8212;&#8212;&#8212;<\/p>\n<hr \/>\n<p>Prochainement las vegan nourrira les groupes et orga \u00e0 l&rsquo;ABC fest de Strasbourg (les 9 et 10 juin), la v\u00e9lorution universelle \u00e0 Nancy (les 6,7 et 8 juillet) et comme d&rsquo;habitude l&rsquo;Anti-national fest le 22 juillet\u00a0 !<\/p>\n","protected":false},"excerpt":{"rendered":"<p>Le week end du 6, 7 et 8 mai le CCAN c\u00e9l\u00e9brait ses 5 ann\u00e9es d&rsquo;activit\u00e9s et de luttes et c&rsquo;est avec grand plaisir qu&rsquo;on a apport\u00e9 notre contribution \u00e0<\/p>\n","protected":false},"author":1,"featured_media":0,"comment_status":"closed","ping_status":"closed","sticky":false,"template":"","format":"standard","meta":[],"categories":[1],"tags":[],"_links":{"self":[{"href":"https:\/\/lvgn.herbesfolles.org\/index.php?rest_route=\/wp\/v2\/posts\/589"}],"collection":[{"href":"https:\/\/lvgn.herbesfolles.org\/index.php?rest_route=\/wp\/v2\/posts"}],"about":[{"href":"https:\/\/lvgn.herbesfolles.org\/index.php?rest_route=\/wp\/v2\/types\/post"}],"author":[{"embeddable":true,"href":"https:\/\/lvgn.herbesfolles.org\/index.php?rest_route=\/wp\/v2\/users\/1"}],"replies":[{"embeddable":true,"href":"https:\/\/lvgn.herbesfolles.org\/index.php?rest_route=%2Fwp%2Fv2%2Fcomments&post=589"}],"version-history":[{"count":8,"href":"https:\/\/lvgn.herbesfolles.org\/index.php?rest_route=\/wp\/v2\/posts\/589\/revisions"}],"predecessor-version":[{"id":604,"href":"https:\/\/lvgn.herbesfolles.org\/index.php?rest_route=\/wp\/v2\/posts\/589\/revisions\/604"}],"wp:attachment":[{"href":"https:\/\/lvgn.herbesfolles.org\/index.php?rest_route=%2Fwp%2Fv2%2Fmedia&parent=589"}],"wp:term":[{"taxonomy":"category","embeddable":true,"href":"https:\/\/lvgn.herbesfolles.org\/index.php?rest_route=%2Fwp%2Fv2%2Fcategories&post=589"},{"taxonomy":"post_tag","embeddable":true,"href":"https:\/\/lvgn.herbesfolles.org\/index.php?rest_route=%2Fwp%2Fv2%2Ftags&post=589"}],"curies":[{"name":"wp","href":"https:\/\/api.w.org\/{rel}","templated":true}]}}