{"id":716,"date":"2020-01-11T16:53:45","date_gmt":"2020-01-11T16:53:45","guid":{"rendered":"http:\/\/lvgn.herbesfolles.org\/?p=716"},"modified":"2020-01-13T12:22:48","modified_gmt":"2020-01-13T12:22:48","slug":"las-vegans-diner","status":"publish","type":"post","link":"https:\/\/lvgn.herbesfolles.org\/?p=716","title":{"rendered":"LAS VEGAN&rsquo;S DINER"},"content":{"rendered":"\n<figure class=\"wp-block-image size-large\"><img loading=\"lazy\" width=\"724\" height=\"1024\" src=\"http:\/\/lvgn.herbesfolles.org\/wp-content\/uploads\/LAS-VEGAN_Affiche-Restau-24012020-724x1024.jpg\" alt=\"\" class=\"wp-image-724\" srcset=\"https:\/\/lvgn.herbesfolles.org\/wp-content\/uploads\/LAS-VEGAN_Affiche-Restau-24012020-724x1024.jpg 724w, https:\/\/lvgn.herbesfolles.org\/wp-content\/uploads\/LAS-VEGAN_Affiche-Restau-24012020-212x300.jpg 212w, https:\/\/lvgn.herbesfolles.org\/wp-content\/uploads\/LAS-VEGAN_Affiche-Restau-24012020-768x1086.jpg 768w, https:\/\/lvgn.herbesfolles.org\/wp-content\/uploads\/LAS-VEGAN_Affiche-Restau-24012020-1086x1536.jpg 1086w, https:\/\/lvgn.herbesfolles.org\/wp-content\/uploads\/LAS-VEGAN_Affiche-Restau-24012020-1448x2048.jpg 1448w, https:\/\/lvgn.herbesfolles.org\/wp-content\/uploads\/LAS-VEGAN_Affiche-Restau-24012020-scaled.jpg 1811w\" sizes=\"(max-width: 724px) 100vw, 724px\" \/><\/figure>\n\n\n\n<p>On en parl\u00e9 il y a quelques semaines, c\u2019est le grand retour des soir\u00e9es restau\u2019 de Las Vegan mais cette fois, \u00e7a se passera \u00e0 la MJC des 3 Maisons.<\/p>\n\n\n\n<p>Le rendez-vous est fix\u00e9 <strong>VENDREDI 24 JANVIER 2020<\/strong>. D\u00e8s 19h, tu peux venir prendre l&rsquo;ap\u00e9ritif, un bar sera mont\u00e9 pour l&rsquo;occasion. Le repas d\u00e9butera \u00e0 20h. Vous ferez un petit voyage en Inde pour repasser par la Turquie, et ce, sans quitter ta table.<\/p>\n\n\n\n<p>Pour celleux qui ne connaissent pas, c\u2019est une soir\u00e9e o\u00f9 Las Vegan  met les petits plats dans les grands pour vous servir un menu (entr\u00e9e,  plat et dessert) th\u00e9matique (<em>ou pas trop<\/em>) \u00e0 petit prix. <\/p>\n\n\n\n<p>C\u2019est  l\u2019occasion pour nous d\u2019apporter un soin particulier \u00e0 la convivialit\u00e9,  l\u2019ambiance mais aussi \u00e0 la pr\u00e9sentation des assiettes que compose le  d\u00eener.<\/p>\n\n\n\n<p><\/p>\n\n\n\n<p class=\"has-text-color has-vivid-red-color\"><strong>PENSE A<\/strong> <strong>R\u00c9SERVER AVANT MERCREDI 22 JANVIER<\/strong>  car seulement 40 places sont disponibles.<\/p>\n\n\n\n<p class=\"has-text-color has-vivid-red-color\"><em>Pour s&rsquo;assurer du bon d\u00e9roulement, on vous demande de r\u00e9server votre place en nous \u00e9crivant \u00e0 lvegn [at] herbesfolles.org. Pr\u00e9cisez-nous si vous avez des allergies, le nombre de personne et toutes infos que vous jugerez utiles.<\/em> <\/p>\n","protected":false},"excerpt":{"rendered":"<p>On en parl\u00e9 il y a quelques semaines, c\u2019est le grand retour des soir\u00e9es restau\u2019 de Las Vegan mais cette fois, \u00e7a se passera \u00e0 la MJC des 3 Maisons.<\/p>\n","protected":false},"author":1,"featured_media":0,"comment_status":"closed","ping_status":"closed","sticky":false,"template":"","format":"standard","meta":[],"categories":[1],"tags":[],"_links":{"self":[{"href":"https:\/\/lvgn.herbesfolles.org\/index.php?rest_route=\/wp\/v2\/posts\/716"}],"collection":[{"href":"https:\/\/lvgn.herbesfolles.org\/index.php?rest_route=\/wp\/v2\/posts"}],"about":[{"href":"https:\/\/lvgn.herbesfolles.org\/index.php?rest_route=\/wp\/v2\/types\/post"}],"author":[{"embeddable":true,"href":"https:\/\/lvgn.herbesfolles.org\/index.php?rest_route=\/wp\/v2\/users\/1"}],"replies":[{"embeddable":true,"href":"https:\/\/lvgn.herbesfolles.org\/index.php?rest_route=%2Fwp%2Fv2%2Fcomments&post=716"}],"version-history":[{"count":9,"href":"https:\/\/lvgn.herbesfolles.org\/index.php?rest_route=\/wp\/v2\/posts\/716\/revisions"}],"predecessor-version":[{"id":726,"href":"https:\/\/lvgn.herbesfolles.org\/index.php?rest_route=\/wp\/v2\/posts\/716\/revisions\/726"}],"wp:attachment":[{"href":"https:\/\/lvgn.herbesfolles.org\/index.php?rest_route=%2Fwp%2Fv2%2Fmedia&parent=716"}],"wp:term":[{"taxonomy":"category","embeddable":true,"href":"https:\/\/lvgn.herbesfolles.org\/index.php?rest_route=%2Fwp%2Fv2%2Fcategories&post=716"},{"taxonomy":"post_tag","embeddable":true,"href":"https:\/\/lvgn.herbesfolles.org\/index.php?rest_route=%2Fwp%2Fv2%2Ftags&post=716"}],"curies":[{"name":"wp","href":"https:\/\/api.w.org\/{rel}","templated":true}]}}